{"id":495,"date":"2017-05-22T18:41:11","date_gmt":"2017-05-22T18:41:11","guid":{"rendered":"https:\/\/www.amado.pt\/aluguer\/?p=495"},"modified":"2026-01-11T19:33:06","modified_gmt":"2026-01-11T19:33:06","slug":"aluguer-de-cadeiras-para-eventos","status":"publish","type":"post","link":"https:\/\/www.amado.pt\/aluguer\/aluguer-de-cadeiras-para-eventos\/","title":{"rendered":"Aluguer de Cadeiras Para Eventos"},"content":{"rendered":"[vc_row][vc_column][vc_column_text]\n<p style=\"text-align: justify;\">Dispomos de um servi\u00e7o de aluguer de cadeiras para eventos ou outro tipo de festas. Os nossos modelos de cadeiras tem uma mistura entre o cl\u00e1ssico e o minimalista o que as torna intemporais.<\/p>\n<p style=\"text-align: justify;\">Cadeiras de madeira com assento em palhinha que podem ou n\u00e3o utilizar coxim, o seu assento em palhinha \u00e9\u00a0 bastante confort\u00e1vel e s\u00f3brio.Your Gateway to Smarter Financial Decisions<a href=\"https:\/\/feronixprime7.com\" target=\"_blank\" rel=\"noopener\"> Feronix Prime 7.4 Ai Switzerland<\/a><\/p>\n<p style=\"text-align: justify;\">Como alternativa menos formal, temos o aluguer de cadeiras de madeira em cor mogno ou branca. Pode optar por incluir um coxim para maior conforto.<\/p>\n[\/vc_column_text][\/vc_column][\/vc_row][vc_row][vc_column][vc_custom_heading text=&#8221;Aluguer de Cadeiras Para Eventos &#8211; Modelos Dispon\u00edveis&#8221; font_container=&#8221;tag:h2|text_align:center|color:%233d3d3d&#8221; google_fonts=&#8221;font_family:Lato%3A100%2C100italic%2C300%2C300italic%2Cregular%2Citalic%2C700%2C700italic%2C900%2C900italic|font_style:700%20bold%20regular%3A700%3Anormal&#8221;][vc_empty_space height=&#8221;40px&#8221;][\/vc_column][\/vc_row][vc_row][vc_column]<div class=\"woocommerce columns-6 \"><div class=\"products row row-small large-columns-6 medium-columns-3 small-columns-2 has-equal-box-heights equalize-box\">\n<div class=\"product-small col has-hover product type-product post-294 status-publish first instock product_cat-cadeiras product_cat-todos-os-produtos product_tag-branca product_tag-cadeiras product_tag-madeira has-post-thumbnail taxable shipping-taxable purchasable product-type-simple\">\n\t<div class=\"col-inner\">\n\t\n<div class=\"badge-container absolute left top z-1\">\n\n<\/div>\n\t<div class=\"product-small box \">\n\t\t<div class=\"box-image\">\n\t\t\t<div class=\"image-glow\">\n\t\t\t\t<a href=\"https:\/\/www.amado.pt\/aluguer\/cadeira-de-madeira-branca\/\">\n\t\t\t\t\t<img loading=\"lazy\" decoding=\"async\" width=\"247\" height=\"296\" src=\"https:\/\/www.amado.pt\/aluguer\/wp-content\/uploads\/2017\/04\/aluguer-cadeira-madeira-branca-247x296.jpg\" class=\"attachment-woocommerce_thumbnail size-woocommerce_thumbnail\" alt=\"Aluguer de cadeiras\u00a0de madeira branca\" \/>\t\t\t\t<\/a>\n\t\t\t<\/div>\n\t\t\t<div class=\"image-tools is-small top right show-on-hover\">\n\t\t\t\t\t\t\t<\/div>\n\t\t\t<div class=\"image-tools is-small hide-for-small bottom left show-on-hover\">\n\t\t\t\t\t\t\t<\/div>\n\t\t\t<div class=\"image-tools grid-tools text-center hide-for-small bottom hover-slide-in show-on-hover\">\n\t\t\t\t\t\t\t<\/div>\n\t\t\t\t\t<\/div>\n\n\t\t<div class=\"box-text box-text-products text-center grid-style-2\">\n\t\t\t<div class=\"title-wrapper\">\t\t<p class=\"category uppercase is-smaller no-text-overflow product-cat op-8\">\n\t\t\tcadeiras\t\t<\/p>\n\t<p class=\"name product-title woocommerce-loop-product__title\"><a href=\"https:\/\/www.amado.pt\/aluguer\/cadeira-de-madeira-branca\/\" class=\"woocommerce-LoopProduct-link woocommerce-loop-product__link\">Cadeira de madeira branca<\/a><\/p><\/div><div class=\"price-wrapper\"><\/div>\t\t<\/div>\n\t<\/div>\n\t<div class=\"woocommerce\"><div id=\"294\" class=\"addquotelistlink\"><div class=\"quotelistadd\" ><span class=\"dvin_wcql_shopbtn_wrap\"><button rel=\"nofollow\" data-product_id=\"294\" data-product_sku=\"\" data-quantity=\"1\" type=\"button\" class=\"button alt addquotelistbutton product_type_simple\" >adicionar<\/button><\/span><span class=\"dvin_wcql_shopbtn_ajaxico_wrap\"><img decoding=\"async\" style=\"display: none;border:0; width:16px; height:16px;\" src=\"https:\/\/www.amado.pt\/aluguer\/wp-content\/plugins\/dvin-wcql\/images\/ajax-loader.gif\" class=\"ajax-loading-img ajax-loading-img-bottom\" alt=\"Working...\"\/><\/span><\/div><div class=\"quotelistaddedbrowse\" style=\"display:none;\"><a href=\"https:\/\/www.amado.pt\/aluguer\/quotelist\/\">j\u00e1 adicionado<\/a><\/div><div class=\"quotelistexistsbrowse\" style=\"display:none;;\"><a href=\"https:\/\/www.amado.pt\/aluguer\/quotelist\/\">j\u00e1 adicionado<\/a><\/div><div style=\"clear:both\"><\/div><div class=\"quotelistaddresponse\"><\/div><\/div><div class=\"clear\"><\/div><\/div>\t<\/div>\n<\/div><div class=\"product-small col has-hover product type-product post-42 status-publish instock product_cat-cadeiras product_cat-todos-os-produtos product_tag-cadeiras product_tag-dourada has-post-thumbnail taxable shipping-taxable purchasable product-type-simple\">\n\t<div class=\"col-inner\">\n\t\n<div class=\"badge-container absolute left top z-1\">\n\n<\/div>\n\t<div class=\"product-small box \">\n\t\t<div class=\"box-image\">\n\t\t\t<div class=\"image-glow\">\n\t\t\t\t<a href=\"https:\/\/www.amado.pt\/aluguer\/cadeira-ouro\/\">\n\t\t\t\t\t<img loading=\"lazy\" decoding=\"async\" width=\"247\" height=\"296\" src=\"https:\/\/www.amado.pt\/aluguer\/wp-content\/uploads\/2017\/03\/cadeiras-douradas-247x296.jpg\" class=\"attachment-woocommerce_thumbnail size-woocommerce_thumbnail\" alt=\"aluguer de cadeiras douradas\" \/>\t\t\t\t<\/a>\n\t\t\t<\/div>\n\t\t\t<div class=\"image-tools is-small top right show-on-hover\">\n\t\t\t\t\t\t\t<\/div>\n\t\t\t<div class=\"image-tools is-small hide-for-small bottom left show-on-hover\">\n\t\t\t\t\t\t\t<\/div>\n\t\t\t<div class=\"image-tools grid-tools text-center hide-for-small bottom hover-slide-in show-on-hover\">\n\t\t\t\t\t\t\t<\/div>\n\t\t\t\t\t<\/div>\n\n\t\t<div class=\"box-text box-text-products text-center grid-style-2\">\n\t\t\t<div class=\"title-wrapper\">\t\t<p class=\"category uppercase is-smaller no-text-overflow product-cat op-8\">\n\t\t\tcadeiras\t\t<\/p>\n\t<p class=\"name product-title woocommerce-loop-product__title\"><a href=\"https:\/\/www.amado.pt\/aluguer\/cadeira-ouro\/\" class=\"woocommerce-LoopProduct-link woocommerce-loop-product__link\">Cadeira dourada<\/a><\/p><\/div><div class=\"price-wrapper\"><\/div>\t\t<\/div>\n\t<\/div>\n\t<div class=\"woocommerce\"><div id=\"42\" class=\"addquotelistlink\"><div class=\"quotelistadd\" ><span class=\"dvin_wcql_shopbtn_wrap\"><button rel=\"nofollow\" data-product_id=\"42\" data-product_sku=\"\" data-quantity=\"1\" type=\"button\" class=\"button alt addquotelistbutton product_type_simple\" >adicionar<\/button><\/span><span class=\"dvin_wcql_shopbtn_ajaxico_wrap\"><img decoding=\"async\" style=\"display: none;border:0; width:16px; height:16px;\" src=\"https:\/\/www.amado.pt\/aluguer\/wp-content\/plugins\/dvin-wcql\/images\/ajax-loader.gif\" class=\"ajax-loading-img ajax-loading-img-bottom\" alt=\"Working...\"\/><\/span><\/div><div class=\"quotelistaddedbrowse\" style=\"display:none;\"><a href=\"https:\/\/www.amado.pt\/aluguer\/quotelist\/\">j\u00e1 adicionado<\/a><\/div><div class=\"quotelistexistsbrowse\" style=\"display:none;;\"><a href=\"https:\/\/www.amado.pt\/aluguer\/quotelist\/\">j\u00e1 adicionado<\/a><\/div><div style=\"clear:both\"><\/div><div class=\"quotelistaddresponse\"><\/div><\/div><div class=\"clear\"><\/div><\/div>\t<\/div>\n<\/div><div class=\"product-small col has-hover product type-product post-289 status-publish instock product_cat-cadeiras product_cat-todos-os-produtos product_tag-cadeiras product_tag-madeira product_tag-mogno has-post-thumbnail taxable shipping-taxable purchasable product-type-simple\">\n\t<div class=\"col-inner\">\n\t\n<div class=\"badge-container absolute left top z-1\">\n\n<\/div>\n\t<div class=\"product-small box \">\n\t\t<div class=\"box-image\">\n\t\t\t<div class=\"image-glow\">\n\t\t\t\t<a href=\"https:\/\/www.amado.pt\/aluguer\/cadeira-madeira\/\">\n\t\t\t\t\t<img loading=\"lazy\" decoding=\"async\" width=\"247\" height=\"296\" src=\"https:\/\/www.amado.pt\/aluguer\/wp-content\/uploads\/2017\/04\/aluguer-cadeiras-de-madeira-247x296.jpg\" class=\"attachment-woocommerce_thumbnail size-woocommerce_thumbnail\" alt=\"Aluguer cadeiras\u00a0de madeira mogno\" \/>\t\t\t\t<\/a>\n\t\t\t<\/div>\n\t\t\t<div class=\"image-tools is-small top right show-on-hover\">\n\t\t\t\t\t\t\t<\/div>\n\t\t\t<div class=\"image-tools is-small hide-for-small bottom left show-on-hover\">\n\t\t\t\t\t\t\t<\/div>\n\t\t\t<div class=\"image-tools grid-tools text-center hide-for-small bottom hover-slide-in show-on-hover\">\n\t\t\t\t\t\t\t<\/div>\n\t\t\t\t\t<\/div>\n\n\t\t<div class=\"box-text box-text-products text-center grid-style-2\">\n\t\t\t<div class=\"title-wrapper\">\t\t<p class=\"category uppercase is-smaller no-text-overflow product-cat op-8\">\n\t\t\tcadeiras\t\t<\/p>\n\t<p class=\"name product-title woocommerce-loop-product__title\"><a href=\"https:\/\/www.amado.pt\/aluguer\/cadeira-madeira\/\" class=\"woocommerce-LoopProduct-link woocommerce-loop-product__link\">Cadeira madeira<\/a><\/p><\/div><div class=\"price-wrapper\"><\/div>\t\t<\/div>\n\t<\/div>\n\t<div class=\"woocommerce\"><div id=\"289\" class=\"addquotelistlink\"><div class=\"quotelistadd\" ><span class=\"dvin_wcql_shopbtn_wrap\"><button rel=\"nofollow\" data-product_id=\"289\" data-product_sku=\"\" data-quantity=\"1\" type=\"button\" class=\"button alt addquotelistbutton product_type_simple\" >adicionar<\/button><\/span><span class=\"dvin_wcql_shopbtn_ajaxico_wrap\"><img decoding=\"async\" style=\"display: none;border:0; width:16px; height:16px;\" src=\"https:\/\/www.amado.pt\/aluguer\/wp-content\/plugins\/dvin-wcql\/images\/ajax-loader.gif\" class=\"ajax-loading-img ajax-loading-img-bottom\" alt=\"Working...\"\/><\/span><\/div><div class=\"quotelistaddedbrowse\" style=\"display:none;\"><a href=\"https:\/\/www.amado.pt\/aluguer\/quotelist\/\">j\u00e1 adicionado<\/a><\/div><div class=\"quotelistexistsbrowse\" style=\"display:none;;\"><a href=\"https:\/\/www.amado.pt\/aluguer\/quotelist\/\">j\u00e1 adicionado<\/a><\/div><div style=\"clear:both\"><\/div><div class=\"quotelistaddresponse\"><\/div><\/div><div class=\"clear\"><\/div><\/div>\t<\/div>\n<\/div><div class=\"product-small col has-hover product type-product post-68 status-publish instock product_cat-cadeiras product_cat-todos-os-produtos product_tag-cadeiras product_tag-marfim has-post-thumbnail taxable shipping-taxable purchasable product-type-simple\">\n\t<div class=\"col-inner\">\n\t\n<div class=\"badge-container absolute left top z-1\">\n\n<\/div>\n\t<div class=\"product-small box \">\n\t\t<div class=\"box-image\">\n\t\t\t<div class=\"image-glow\">\n\t\t\t\t<a href=\"https:\/\/www.amado.pt\/aluguer\/cadeira-marfim\/\">\n\t\t\t\t\t<img loading=\"lazy\" decoding=\"async\" width=\"247\" height=\"296\" src=\"https:\/\/www.amado.pt\/aluguer\/wp-content\/uploads\/2017\/03\/aluguer-cadeira-marfim-247x296.jpg\" class=\"attachment-woocommerce_thumbnail size-woocommerce_thumbnail\" alt=\"Aluguer de cadeiras brancas marfim\" \/>\t\t\t\t<\/a>\n\t\t\t<\/div>\n\t\t\t<div class=\"image-tools is-small top right show-on-hover\">\n\t\t\t\t\t\t\t<\/div>\n\t\t\t<div class=\"image-tools is-small hide-for-small bottom left show-on-hover\">\n\t\t\t\t\t\t\t<\/div>\n\t\t\t<div class=\"image-tools grid-tools text-center hide-for-small bottom hover-slide-in show-on-hover\">\n\t\t\t\t\t\t\t<\/div>\n\t\t\t\t\t<\/div>\n\n\t\t<div class=\"box-text box-text-products text-center grid-style-2\">\n\t\t\t<div class=\"title-wrapper\">\t\t<p class=\"category uppercase is-smaller no-text-overflow product-cat op-8\">\n\t\t\tcadeiras\t\t<\/p>\n\t<p class=\"name product-title woocommerce-loop-product__title\"><a href=\"https:\/\/www.amado.pt\/aluguer\/cadeira-marfim\/\" class=\"woocommerce-LoopProduct-link woocommerce-loop-product__link\">Cadeira marfim<\/a><\/p><\/div><div class=\"price-wrapper\"><\/div>\t\t<\/div>\n\t<\/div>\n\t<div class=\"woocommerce\"><div id=\"68\" class=\"addquotelistlink\"><div class=\"quotelistadd\" ><span class=\"dvin_wcql_shopbtn_wrap\"><button rel=\"nofollow\" data-product_id=\"68\" data-product_sku=\"\" data-quantity=\"1\" type=\"button\" class=\"button alt addquotelistbutton product_type_simple\" >adicionar<\/button><\/span><span class=\"dvin_wcql_shopbtn_ajaxico_wrap\"><img decoding=\"async\" style=\"display: none;border:0; width:16px; height:16px;\" src=\"https:\/\/www.amado.pt\/aluguer\/wp-content\/plugins\/dvin-wcql\/images\/ajax-loader.gif\" class=\"ajax-loading-img ajax-loading-img-bottom\" alt=\"Working...\"\/><\/span><\/div><div class=\"quotelistaddedbrowse\" style=\"display:none;\"><a href=\"https:\/\/www.amado.pt\/aluguer\/quotelist\/\">j\u00e1 adicionado<\/a><\/div><div class=\"quotelistexistsbrowse\" style=\"display:none;;\"><a href=\"https:\/\/www.amado.pt\/aluguer\/quotelist\/\">j\u00e1 adicionado<\/a><\/div><div style=\"clear:both\"><\/div><div class=\"quotelistaddresponse\"><\/div><\/div><div class=\"clear\"><\/div><\/div>\t<\/div>\n<\/div><div class=\"product-small col has-hover product type-product post-55 status-publish instock product_cat-cadeiras product_cat-todos-os-produtos product_tag-cadeiras product_tag-prateada has-post-thumbnail taxable shipping-taxable purchasable product-type-simple\">\n\t<div class=\"col-inner\">\n\t\n<div class=\"badge-container absolute left top z-1\">\n\n<\/div>\n\t<div class=\"product-small box \">\n\t\t<div class=\"box-image\">\n\t\t\t<div class=\"image-glow\">\n\t\t\t\t<a href=\"https:\/\/www.amado.pt\/aluguer\/cadeira-prateada\/\">\n\t\t\t\t\t<img loading=\"lazy\" decoding=\"async\" width=\"247\" height=\"296\" src=\"https:\/\/www.amado.pt\/aluguer\/wp-content\/uploads\/2017\/03\/aluguer-cadeira-prateada-247x296.jpg\" class=\"attachment-woocommerce_thumbnail size-woocommerce_thumbnail\" alt=\"Aluguer de cadeiras prateadas\" \/>\t\t\t\t<\/a>\n\t\t\t<\/div>\n\t\t\t<div class=\"image-tools is-small top right show-on-hover\">\n\t\t\t\t\t\t\t<\/div>\n\t\t\t<div class=\"image-tools is-small hide-for-small bottom left show-on-hover\">\n\t\t\t\t\t\t\t<\/div>\n\t\t\t<div class=\"image-tools grid-tools text-center hide-for-small bottom hover-slide-in show-on-hover\">\n\t\t\t\t\t\t\t<\/div>\n\t\t\t\t\t<\/div>\n\n\t\t<div class=\"box-text box-text-products text-center grid-style-2\">\n\t\t\t<div class=\"title-wrapper\">\t\t<p class=\"category uppercase is-smaller no-text-overflow product-cat op-8\">\n\t\t\tcadeiras\t\t<\/p>\n\t<p class=\"name product-title woocommerce-loop-product__title\"><a href=\"https:\/\/www.amado.pt\/aluguer\/cadeira-prateada\/\" class=\"woocommerce-LoopProduct-link woocommerce-loop-product__link\">Cadeira prateada<\/a><\/p><\/div><div class=\"price-wrapper\"><\/div>\t\t<\/div>\n\t<\/div>\n\t<div class=\"woocommerce\"><div id=\"55\" class=\"addquotelistlink\"><div class=\"quotelistadd\" ><span class=\"dvin_wcql_shopbtn_wrap\"><button rel=\"nofollow\" data-product_id=\"55\" data-product_sku=\"\" data-quantity=\"1\" type=\"button\" class=\"button alt addquotelistbutton product_type_simple\" >adicionar<\/button><\/span><span class=\"dvin_wcql_shopbtn_ajaxico_wrap\"><img decoding=\"async\" style=\"display: none;border:0; width:16px; height:16px;\" src=\"https:\/\/www.amado.pt\/aluguer\/wp-content\/plugins\/dvin-wcql\/images\/ajax-loader.gif\" class=\"ajax-loading-img ajax-loading-img-bottom\" alt=\"Working...\"\/><\/span><\/div><div class=\"quotelistaddedbrowse\" style=\"display:none;\"><a href=\"https:\/\/www.amado.pt\/aluguer\/quotelist\/\">j\u00e1 adicionado<\/a><\/div><div class=\"quotelistexistsbrowse\" style=\"display:none;;\"><a href=\"https:\/\/www.amado.pt\/aluguer\/quotelist\/\">j\u00e1 adicionado<\/a><\/div><div style=\"clear:both\"><\/div><div class=\"quotelistaddresponse\"><\/div><\/div><div class=\"clear\"><\/div><\/div>\t<\/div>\n<\/div><div class=\"product-small col has-hover product type-product post-49 status-publish last instock product_cat-cadeiras product_cat-todos-os-produtos product_tag-cadeiras has-post-thumbnail taxable shipping-taxable purchasable product-type-simple\">\n\t<div class=\"col-inner\">\n\t\n<div class=\"badge-container absolute left top z-1\">\n\n<\/div>\n\t<div class=\"product-small box \">\n\t\t<div class=\"box-image\">\n\t\t\t<div class=\"image-glow\">\n\t\t\t\t<a href=\"https:\/\/www.amado.pt\/aluguer\/cadeira-cacau\/\">\n\t\t\t\t\t<img loading=\"lazy\" decoding=\"async\" width=\"247\" height=\"296\" src=\"https:\/\/www.amado.pt\/aluguer\/wp-content\/uploads\/2017\/03\/aluguer-cadeira-preta-247x296.jpg\" class=\"attachment-woocommerce_thumbnail size-woocommerce_thumbnail\" alt=\"aluguer de cadeiras para eventos\" \/>\t\t\t\t<\/a>\n\t\t\t<\/div>\n\t\t\t<div class=\"image-tools is-small top right show-on-hover\">\n\t\t\t\t\t\t\t<\/div>\n\t\t\t<div class=\"image-tools is-small hide-for-small bottom left show-on-hover\">\n\t\t\t\t\t\t\t<\/div>\n\t\t\t<div class=\"image-tools grid-tools text-center hide-for-small bottom hover-slide-in show-on-hover\">\n\t\t\t\t\t\t\t<\/div>\n\t\t\t\t\t<\/div>\n\n\t\t<div class=\"box-text box-text-products text-center grid-style-2\">\n\t\t\t<div class=\"title-wrapper\">\t\t<p class=\"category uppercase is-smaller no-text-overflow product-cat op-8\">\n\t\t\tcadeiras\t\t<\/p>\n\t<p class=\"name product-title woocommerce-loop-product__title\"><a href=\"https:\/\/www.amado.pt\/aluguer\/cadeira-cacau\/\" class=\"woocommerce-LoopProduct-link woocommerce-loop-product__link\">Cadeira preta<\/a><\/p><\/div><div class=\"price-wrapper\"><\/div>\t\t<\/div>\n\t<\/div>\n\t<div class=\"woocommerce\"><div id=\"49\" class=\"addquotelistlink\"><div class=\"quotelistadd\" ><span class=\"dvin_wcql_shopbtn_wrap\"><button rel=\"nofollow\" data-product_id=\"49\" data-product_sku=\"\" data-quantity=\"1\" type=\"button\" class=\"button alt addquotelistbutton product_type_simple\" >adicionar<\/button><\/span><span class=\"dvin_wcql_shopbtn_ajaxico_wrap\"><img decoding=\"async\" style=\"display: none;border:0; width:16px; height:16px;\" src=\"https:\/\/www.amado.pt\/aluguer\/wp-content\/plugins\/dvin-wcql\/images\/ajax-loader.gif\" class=\"ajax-loading-img ajax-loading-img-bottom\" alt=\"Working...\"\/><\/span><\/div><div class=\"quotelistaddedbrowse\" style=\"display:none;\"><a href=\"https:\/\/www.amado.pt\/aluguer\/quotelist\/\">j\u00e1 adicionado<\/a><\/div><div class=\"quotelistexistsbrowse\" style=\"display:none;;\"><a href=\"https:\/\/www.amado.pt\/aluguer\/quotelist\/\">j\u00e1 adicionado<\/a><\/div><div style=\"clear:both\"><\/div><div class=\"quotelistaddresponse\"><\/div><\/div><div class=\"clear\"><\/div><\/div>\t<\/div>\n<\/div><\/div><!-- row -->\n<\/div>[\/vc_column][\/vc_row][vc_row parallax=&#8221;content-moving&#8221; parallax_image=&#8221;85&#8243; parallax_speed_bg=&#8221;4.5&#8243;][vc_column][vc_empty_space][vc_empty_space][vc_empty_space][\/vc_column][\/vc_row][vc_row][vc_column][vc_empty_space][vc_custom_heading text=&#8221;Aluguer de Cadeiras Para Eventos &#8211; Porque Alugar?&#8221; font_container=&#8221;tag:h3|font_size:26|text_align:center|color:%233d3d3d&#8221; google_fonts=&#8221;font_family:Lato%3A100%2C100italic%2C300%2C300italic%2Cregular%2Citalic%2C700%2C700italic%2C900%2C900italic|font_style:700%20bold%20regular%3A700%3Anormal&#8221;][\/vc_column][\/vc_row][vc_row][vc_column][vc_column_text]\n<p style=\"text-align: justify;\">Apesar de suspeitos, iremos enemurar uma s\u00e9rie de vantagens que tem se optar por o servi\u00e7o de aluguer de cadeiras para eventos.<\/p>\n<p style=\"text-align: justify;\">Iremos come\u00e7ar com a mais obvia das vantagens, com o aluguer de cadeiras, ou outro tipo de equipamento, o investimento \u00e9 bastante menor do que se tiver de comprar o mesmo equipamento.<\/p>\n<p style=\"text-align: justify;\">O espa\u00e7o tamb\u00e9m tem um custo, armazenar equipamento para utilizar apenas quando necessita, acaba por alongar a amortiza\u00e7\u00e3o do investimento.<\/p>\n<p style=\"text-align: justify;\">Com o aluguer de cadeiras para eventos acabar por ter uma maior oferta para os seus clientes.<\/p>\n<p style=\"text-align: justify;\">Evita o problema de ter material para 200 pessoas, e surgir um evento para 300, onde arranja cadeiras semelhantes?<\/p>\n<p style=\"text-align: justify;\">Manuten\u00e7\u00e3o, o material arrecadado acaba por se degradar, com o aluguer de cadeiras ou outro equipamento hoteleiro, tem a certeza que sempre que necessitar, ter\u00e1 ao seu dispor equipamento pronto a ser utilizado.<\/p>\n[\/vc_column_text][\/vc_column][\/vc_row][vc_row][vc_column][vc_custom_heading text=&#8221;Aluguer de Cadeiras Para Eventos &#8211; Uma imagem vale 1000 palavras&#8221; font_container=&#8221;tag:h2|font_size:26|text_align:center|color:%233d3d3d&#8221; google_fonts=&#8221;font_family:Lato%3A100%2C100italic%2C300%2C300italic%2Cregular%2Citalic%2C700%2C700italic%2C900%2C900italic|font_style:700%20bold%20regular%3A700%3Anormal&#8221;][vc_empty_space][vc_column_text]\n<p style=\"text-align: justify;\">As cadeiras, alem de serem um objecto inprescidivel para uma refei\u00e7\u00e3o sentada, s\u00e3o igualmente um importante factor de decora\u00e7\u00e3o. \u00a0Nas fotografias seguintes, podem ver alguns eventos nos quais estiveram presentes as nossas cadeiras.<\/p>\n[\/vc_column_text][\/vc_column][\/vc_row][vc_row][vc_column][vc_masonry_media_grid element_width=&#8221;6&#8243; gap=&#8221;10&#8243; grid_id=&#8221;vc_gid:1495478352677-48566124-9b45-10&#8243; include=&#8221;530,531,532,533&#8243;][\/vc_column][\/vc_row][vc_row][vc_column][vc_cta h2=&#8221;AMADO &#8211; Aluguer de cadeiras para eventos&#8221; txt_align=&#8221;center&#8221; style=&#8221;flat&#8221;]Para <a href=\"https:\/\/www.amado.pt\/aluguer\/categoria-produto\/cadeiras\/\">pedidos de or\u00e7amento<\/a>, basta selecionar o modelo que pretende e enviar pedido, rapidamente receber\u00e1 cota\u00e7\u00e3o.[\/vc_cta][\/vc_column][\/vc_row]\n","protected":false},"excerpt":{"rendered":"[vc_row][vc_column][vc_column_text] Dispomos de um servi\u00e7o de aluguer de cadeiras para eventos ou outro tipo de festas. Os nossos modelos de cadeiras tem uma mistura entre o cl\u00e1ssico e o minimalista o que as torna intemporais. Cadeiras de madeira com assento em palhinha que podem ou n\u00e3o utilizar coxim, o seu assento em palhinha \u00e9\u00a0 bastante [&#8230;]\n","protected":false},"author":1,"featured_media":512,"comment_status":"open","ping_status":"open","sticky":false,"template":"","format":"standard","meta":{"footnotes":""},"categories":[35],"tags":[36],"class_list":["post-495","post","type-post","status-publish","format-standard","has-post-thumbnail","hentry","category-cadeiras","tag-aluguer-de-cadeiras-para-eventos"],"_links":{"self":[{"href":"https:\/\/www.amado.pt\/aluguer\/wp-json\/wp\/v2\/posts\/495","targetHints":{"allow":["GET"]}}],"collection":[{"href":"https:\/\/www.amado.pt\/aluguer\/wp-json\/wp\/v2\/posts"}],"about":[{"href":"https:\/\/www.amado.pt\/aluguer\/wp-json\/wp\/v2\/types\/post"}],"author":[{"embeddable":true,"href":"https:\/\/www.amado.pt\/aluguer\/wp-json\/wp\/v2\/users\/1"}],"replies":[{"embeddable":true,"href":"https:\/\/www.amado.pt\/aluguer\/wp-json\/wp\/v2\/comments?post=495"}],"version-history":[{"count":26,"href":"https:\/\/www.amado.pt\/aluguer\/wp-json\/wp\/v2\/posts\/495\/revisions"}],"predecessor-version":[{"id":5164,"href":"https:\/\/www.amado.pt\/aluguer\/wp-json\/wp\/v2\/posts\/495\/revisions\/5164"}],"wp:featuredmedia":[{"embeddable":true,"href":"https:\/\/www.amado.pt\/aluguer\/wp-json\/wp\/v2\/media\/512"}],"wp:attachment":[{"href":"https:\/\/www.amado.pt\/aluguer\/wp-json\/wp\/v2\/media?parent=495"}],"wp:term":[{"taxonomy":"category","embeddable":true,"href":"https:\/\/www.amado.pt\/aluguer\/wp-json\/wp\/v2\/categories?post=495"},{"taxonomy":"post_tag","embeddable":true,"href":"https:\/\/www.amado.pt\/aluguer\/wp-json\/wp\/v2\/tags?post=495"}],"curies":[{"name":"wp","href":"https:\/\/api.w.org\/{rel}","templated":true}]}}